{"id":8545,"date":"2023-11-30T07:00:40","date_gmt":"2023-11-30T06:00:40","guid":{"rendered":"https:\/\/www.animan.com\/?p=8545"},"modified":"2023-11-30T08:13:53","modified_gmt":"2023-11-30T07:13:53","slug":"mit-steve-boyes-am-ende-der-welt","status":"publish","type":"post","link":"https:\/\/www.animan.com\/de\/mit-steve-boyes-am-ende-der-welt\/","title":{"rendered":"Mit Steve Boyes am Ende der Welt"},"content":{"rendered":"<p style=\"text-align: justify;\">Der von Rolex im Rahmen der Initiative PerpetualPlanet gef\u00f6rderte s\u00fcdafrikanische Biologe Steve Boyes hat sich auf eine ehrgeizige Expeditionsreihe quer durch den afrikanischen Kontinent begeben, um die grossen Fl\u00fcsse wie den Sambesi, der Millionen von Menschen eine Lebensgrundlage bietet, sowie die einzigartige Tier- und Pflanzenwelt detailliert zu kartografieren. Im S\u00fcdosten Angolas sind die Landschaften des Hochlands von atemberaubender Sch\u00f6nheit und ihre Natur besonders urw\u00fcchsig. Dass die ersten portugiesischen Siedler diesen Ort als \u00abdas Land am Ende der Welt\u00bb bezeichneten, ist kein Zufall. \u00abW\u00e4hrend die meisten hier nichts anderes sehen als unzug\u00e4ngliche Moore, \u00fcppige \u00d6kosysteme und zerkl\u00fcftetes Gel\u00e4nde, k\u00f6nnte diese Region die Quelle des grossen Sambesi-Flusses beherbergen\u00bb, erkl\u00e4rt Steve Boyes.<\/p>\n<h5><em><strong>Text : Alexander Zelenka<br \/>\nFotos : Jennifer Guyton\/Rolex<\/strong><\/em><\/h5>\n<h5><em><strong><span style=\"color: #ffffff;\">f<\/span><\/strong><\/em><\/h5>\n<h5><img loading=\"lazy\" decoding=\"async\" class=\"alignnone wp-image-8523 size-full\" src=\"https:\/\/www.animan.com\/wp-content\/uploads\/2023\/11\/animan_238_angola_photo.jpg\" alt=\"\" width=\"540\" height=\"360\" srcset=\"https:\/\/www.animan.com\/wp-content\/uploads\/2023\/11\/animan_238_angola_photo.jpg 540w, https:\/\/www.animan.com\/wp-content\/uploads\/2023\/11\/animan_238_angola_photo-300x200.jpg 300w\" sizes=\"auto, (max-width: 540px) 100vw, 540px\" \/><\/h5>\n","protected":false},"excerpt":{"rendered":"<p>Der von Rolex im Rahmen der Initiative PerpetualPlanet gef\u00f6rderte s\u00fcdafrikanische Biologe Steve Boyes hat sich auf eine ehrgeizige Expeditionsreihe quer durch den afrikanischen Kontinent begeben, um die grossen Fl\u00fcsse wie den Sambesi, der Millionen von Menschen eine Lebensgrundlage bietet, sowie die einzigartige Tier- und Pflanzenwelt detailliert zu kartografieren. Im S\u00fcdosten Angolas sind die Landschaften des [&hellip;]<\/p>\n","protected":false},"author":11,"featured_media":0,"comment_status":"open","ping_status":"open","sticky":false,"template":"","format":"standard","meta":{"_acf_changed":false,"footnotes":""},"categories":[1389],"tags":[],"class_list":["post-8545","post","type-post","status-publish","format-standard","hentry","category-238-2"],"acf":[],"yoast_head":"<!-- This site is optimized with the Yoast SEO plugin v27.5 - https:\/\/yoast.com\/product\/yoast-seo-wordpress\/ -->\n<title>Mit Steve Boyes am Ende der Welt - Animan<\/title>\n<meta name=\"robots\" content=\"index, follow, max-snippet:-1, max-image-preview:large, max-video-preview:-1\" \/>\n<link rel=\"canonical\" href=\"https:\/\/www.animan.com\/de\/mit-steve-boyes-am-ende-der-welt\/\" \/>\n<meta property=\"og:locale\" content=\"de_DE\" \/>\n<meta property=\"og:type\" content=\"article\" \/>\n<meta property=\"og:title\" content=\"Mit Steve Boyes am Ende der Welt - Animan\" \/>\n<meta property=\"og:description\" content=\"Der von Rolex im Rahmen der Initiative PerpetualPlanet gef\u00f6rderte s\u00fcdafrikanische Biologe Steve Boyes hat sich auf eine ehrgeizige Expeditionsreihe quer durch den afrikanischen Kontinent begeben, um die grossen Fl\u00fcsse wie den Sambesi, der Millionen von Menschen eine Lebensgrundlage bietet, sowie die einzigartige Tier- und Pflanzenwelt detailliert zu kartografieren. Im S\u00fcdosten Angolas sind die Landschaften des [&hellip;]\" \/>\n<meta property=\"og:url\" content=\"https:\/\/www.animan.com\/de\/mit-steve-boyes-am-ende-der-welt\/\" \/>\n<meta property=\"og:site_name\" content=\"Animan\" \/>\n<meta property=\"article:publisher\" content=\"https:\/\/www.facebook.com\/magazineANIMAN\" \/>\n<meta property=\"article:published_time\" content=\"2023-11-30T06:00:40+00:00\" \/>\n<meta property=\"article:modified_time\" content=\"2023-11-30T07:13:53+00:00\" \/>\n<meta property=\"og:image\" content=\"https:\/\/www.animan.com\/wp-content\/uploads\/2023\/11\/animan_238_angola_photo.jpg\" \/>\n<meta name=\"author\" content=\"Antoine Pasche\" \/>\n<meta name=\"twitter:card\" content=\"summary_large_image\" \/>\n<meta name=\"twitter:label1\" content=\"Verfasst von\" \/>\n\t<meta name=\"twitter:data1\" content=\"Antoine Pasche\" \/>\n\t<meta name=\"twitter:label2\" content=\"Gesch\u00e4tzte Lesezeit\" \/>\n\t<meta name=\"twitter:data2\" content=\"1\u00a0Minute\" \/>\n<script type=\"application\/ld+json\" class=\"yoast-schema-graph\">{\"@context\":\"https:\\\/\\\/schema.org\",\"@graph\":[{\"@type\":\"Article\",\"@id\":\"https:\\\/\\\/www.animan.com\\\/de\\\/mit-steve-boyes-am-ende-der-welt\\\/#article\",\"isPartOf\":{\"@id\":\"https:\\\/\\\/www.animan.com\\\/de\\\/mit-steve-boyes-am-ende-der-welt\\\/\"},\"author\":{\"name\":\"Antoine Pasche\",\"@id\":\"https:\\\/\\\/www.animan.com\\\/de\\\/#\\\/schema\\\/person\\\/5a77529805a3cc7798ea5a34f115c8a8\"},\"headline\":\"Mit Steve Boyes am Ende der Welt\",\"datePublished\":\"2023-11-30T06:00:40+00:00\",\"dateModified\":\"2023-11-30T07:13:53+00:00\",\"mainEntityOfPage\":{\"@id\":\"https:\\\/\\\/www.animan.com\\\/de\\\/mit-steve-boyes-am-ende-der-welt\\\/\"},\"wordCount\":136,\"commentCount\":0,\"image\":{\"@id\":\"https:\\\/\\\/www.animan.com\\\/de\\\/mit-steve-boyes-am-ende-der-welt\\\/#primaryimage\"},\"thumbnailUrl\":\"https:\\\/\\\/www.animan.com\\\/wp-content\\\/uploads\\\/2023\\\/11\\\/animan_238_angola_photo.jpg\",\"articleSection\":[\"238\"],\"inLanguage\":\"de\",\"potentialAction\":[{\"@type\":\"CommentAction\",\"name\":\"Comment\",\"target\":[\"https:\\\/\\\/www.animan.com\\\/de\\\/mit-steve-boyes-am-ende-der-welt\\\/#respond\"]}]},{\"@type\":\"WebPage\",\"@id\":\"https:\\\/\\\/www.animan.com\\\/de\\\/mit-steve-boyes-am-ende-der-welt\\\/\",\"url\":\"https:\\\/\\\/www.animan.com\\\/de\\\/mit-steve-boyes-am-ende-der-welt\\\/\",\"name\":\"Mit Steve Boyes am Ende der Welt - Animan\",\"isPartOf\":{\"@id\":\"https:\\\/\\\/www.animan.com\\\/de\\\/#website\"},\"primaryImageOfPage\":{\"@id\":\"https:\\\/\\\/www.animan.com\\\/de\\\/mit-steve-boyes-am-ende-der-welt\\\/#primaryimage\"},\"image\":{\"@id\":\"https:\\\/\\\/www.animan.com\\\/de\\\/mit-steve-boyes-am-ende-der-welt\\\/#primaryimage\"},\"thumbnailUrl\":\"https:\\\/\\\/www.animan.com\\\/wp-content\\\/uploads\\\/2023\\\/11\\\/animan_238_angola_photo.jpg\",\"datePublished\":\"2023-11-30T06:00:40+00:00\",\"dateModified\":\"2023-11-30T07:13:53+00:00\",\"author\":{\"@id\":\"https:\\\/\\\/www.animan.com\\\/de\\\/#\\\/schema\\\/person\\\/5a77529805a3cc7798ea5a34f115c8a8\"},\"breadcrumb\":{\"@id\":\"https:\\\/\\\/www.animan.com\\\/de\\\/mit-steve-boyes-am-ende-der-welt\\\/#breadcrumb\"},\"inLanguage\":\"de\",\"potentialAction\":[{\"@type\":\"ReadAction\",\"target\":[\"https:\\\/\\\/www.animan.com\\\/de\\\/mit-steve-boyes-am-ende-der-welt\\\/\"]}]},{\"@type\":\"ImageObject\",\"inLanguage\":\"de\",\"@id\":\"https:\\\/\\\/www.animan.com\\\/de\\\/mit-steve-boyes-am-ende-der-welt\\\/#primaryimage\",\"url\":\"https:\\\/\\\/www.animan.com\\\/wp-content\\\/uploads\\\/2023\\\/11\\\/animan_238_angola_photo.jpg\",\"contentUrl\":\"https:\\\/\\\/www.animan.com\\\/wp-content\\\/uploads\\\/2023\\\/11\\\/animan_238_angola_photo.jpg\"},{\"@type\":\"BreadcrumbList\",\"@id\":\"https:\\\/\\\/www.animan.com\\\/de\\\/mit-steve-boyes-am-ende-der-welt\\\/#breadcrumb\",\"itemListElement\":[{\"@type\":\"ListItem\",\"position\":1,\"name\":\"Accueil\",\"item\":\"https:\\\/\\\/www.animan.com\\\/de\\\/\"},{\"@type\":\"ListItem\",\"position\":2,\"name\":\"Mit Steve Boyes am Ende der Welt\"}]},{\"@type\":\"WebSite\",\"@id\":\"https:\\\/\\\/www.animan.com\\\/de\\\/#website\",\"url\":\"https:\\\/\\\/www.animan.com\\\/de\\\/\",\"name\":\"Animan\",\"description\":\"r\u00e9ver voyager pr\u00e9server\",\"potentialAction\":[{\"@type\":\"SearchAction\",\"target\":{\"@type\":\"EntryPoint\",\"urlTemplate\":\"https:\\\/\\\/www.animan.com\\\/de\\\/?s={search_term_string}\"},\"query-input\":{\"@type\":\"PropertyValueSpecification\",\"valueRequired\":true,\"valueName\":\"search_term_string\"}}],\"inLanguage\":\"de\"},{\"@type\":\"Person\",\"@id\":\"https:\\\/\\\/www.animan.com\\\/de\\\/#\\\/schema\\\/person\\\/5a77529805a3cc7798ea5a34f115c8a8\",\"name\":\"Antoine Pasche\",\"image\":{\"@type\":\"ImageObject\",\"inLanguage\":\"de\",\"@id\":\"https:\\\/\\\/secure.gravatar.com\\\/avatar\\\/d9298d42392e3de1d0a0f90f99bae6580b04ea1c37b44c527ce7f7c223af5ba6?s=96&d=mm&r=g\",\"url\":\"https:\\\/\\\/secure.gravatar.com\\\/avatar\\\/d9298d42392e3de1d0a0f90f99bae6580b04ea1c37b44c527ce7f7c223af5ba6?s=96&d=mm&r=g\",\"contentUrl\":\"https:\\\/\\\/secure.gravatar.com\\\/avatar\\\/d9298d42392e3de1d0a0f90f99bae6580b04ea1c37b44c527ce7f7c223af5ba6?s=96&d=mm&r=g\",\"caption\":\"Antoine Pasche\"},\"url\":\"https:\\\/\\\/www.animan.com\\\/de\\\/author\\\/antoine\\\/\"}]}<\/script>\n<!-- \/ Yoast SEO plugin. -->","yoast_head_json":{"title":"Mit Steve Boyes am Ende der Welt - Animan","robots":{"index":"index","follow":"follow","max-snippet":"max-snippet:-1","max-image-preview":"max-image-preview:large","max-video-preview":"max-video-preview:-1"},"canonical":"https:\/\/www.animan.com\/de\/mit-steve-boyes-am-ende-der-welt\/","og_locale":"de_DE","og_type":"article","og_title":"Mit Steve Boyes am Ende der Welt - Animan","og_description":"Der von Rolex im Rahmen der Initiative PerpetualPlanet gef\u00f6rderte s\u00fcdafrikanische Biologe Steve Boyes hat sich auf eine ehrgeizige Expeditionsreihe quer durch den afrikanischen Kontinent begeben, um die grossen Fl\u00fcsse wie den Sambesi, der Millionen von Menschen eine Lebensgrundlage bietet, sowie die einzigartige Tier- und Pflanzenwelt detailliert zu kartografieren. Im S\u00fcdosten Angolas sind die Landschaften des [&hellip;]","og_url":"https:\/\/www.animan.com\/de\/mit-steve-boyes-am-ende-der-welt\/","og_site_name":"Animan","article_publisher":"https:\/\/www.facebook.com\/magazineANIMAN","article_published_time":"2023-11-30T06:00:40+00:00","article_modified_time":"2023-11-30T07:13:53+00:00","og_image":[{"url":"https:\/\/www.animan.com\/wp-content\/uploads\/2023\/11\/animan_238_angola_photo.jpg","type":"","width":"","height":""}],"author":"Antoine Pasche","twitter_card":"summary_large_image","twitter_misc":{"Verfasst von":"Antoine Pasche","Gesch\u00e4tzte Lesezeit":"1\u00a0Minute"},"schema":{"@context":"https:\/\/schema.org","@graph":[{"@type":"Article","@id":"https:\/\/www.animan.com\/de\/mit-steve-boyes-am-ende-der-welt\/#article","isPartOf":{"@id":"https:\/\/www.animan.com\/de\/mit-steve-boyes-am-ende-der-welt\/"},"author":{"name":"Antoine Pasche","@id":"https:\/\/www.animan.com\/de\/#\/schema\/person\/5a77529805a3cc7798ea5a34f115c8a8"},"headline":"Mit Steve Boyes am Ende der Welt","datePublished":"2023-11-30T06:00:40+00:00","dateModified":"2023-11-30T07:13:53+00:00","mainEntityOfPage":{"@id":"https:\/\/www.animan.com\/de\/mit-steve-boyes-am-ende-der-welt\/"},"wordCount":136,"commentCount":0,"image":{"@id":"https:\/\/www.animan.com\/de\/mit-steve-boyes-am-ende-der-welt\/#primaryimage"},"thumbnailUrl":"https:\/\/www.animan.com\/wp-content\/uploads\/2023\/11\/animan_238_angola_photo.jpg","articleSection":["238"],"inLanguage":"de","potentialAction":[{"@type":"CommentAction","name":"Comment","target":["https:\/\/www.animan.com\/de\/mit-steve-boyes-am-ende-der-welt\/#respond"]}]},{"@type":"WebPage","@id":"https:\/\/www.animan.com\/de\/mit-steve-boyes-am-ende-der-welt\/","url":"https:\/\/www.animan.com\/de\/mit-steve-boyes-am-ende-der-welt\/","name":"Mit Steve Boyes am Ende der Welt - Animan","isPartOf":{"@id":"https:\/\/www.animan.com\/de\/#website"},"primaryImageOfPage":{"@id":"https:\/\/www.animan.com\/de\/mit-steve-boyes-am-ende-der-welt\/#primaryimage"},"image":{"@id":"https:\/\/www.animan.com\/de\/mit-steve-boyes-am-ende-der-welt\/#primaryimage"},"thumbnailUrl":"https:\/\/www.animan.com\/wp-content\/uploads\/2023\/11\/animan_238_angola_photo.jpg","datePublished":"2023-11-30T06:00:40+00:00","dateModified":"2023-11-30T07:13:53+00:00","author":{"@id":"https:\/\/www.animan.com\/de\/#\/schema\/person\/5a77529805a3cc7798ea5a34f115c8a8"},"breadcrumb":{"@id":"https:\/\/www.animan.com\/de\/mit-steve-boyes-am-ende-der-welt\/#breadcrumb"},"inLanguage":"de","potentialAction":[{"@type":"ReadAction","target":["https:\/\/www.animan.com\/de\/mit-steve-boyes-am-ende-der-welt\/"]}]},{"@type":"ImageObject","inLanguage":"de","@id":"https:\/\/www.animan.com\/de\/mit-steve-boyes-am-ende-der-welt\/#primaryimage","url":"https:\/\/www.animan.com\/wp-content\/uploads\/2023\/11\/animan_238_angola_photo.jpg","contentUrl":"https:\/\/www.animan.com\/wp-content\/uploads\/2023\/11\/animan_238_angola_photo.jpg"},{"@type":"BreadcrumbList","@id":"https:\/\/www.animan.com\/de\/mit-steve-boyes-am-ende-der-welt\/#breadcrumb","itemListElement":[{"@type":"ListItem","position":1,"name":"Accueil","item":"https:\/\/www.animan.com\/de\/"},{"@type":"ListItem","position":2,"name":"Mit Steve Boyes am Ende der Welt"}]},{"@type":"WebSite","@id":"https:\/\/www.animan.com\/de\/#website","url":"https:\/\/www.animan.com\/de\/","name":"Animan","description":"r\u00e9ver voyager pr\u00e9server","potentialAction":[{"@type":"SearchAction","target":{"@type":"EntryPoint","urlTemplate":"https:\/\/www.animan.com\/de\/?s={search_term_string}"},"query-input":{"@type":"PropertyValueSpecification","valueRequired":true,"valueName":"search_term_string"}}],"inLanguage":"de"},{"@type":"Person","@id":"https:\/\/www.animan.com\/de\/#\/schema\/person\/5a77529805a3cc7798ea5a34f115c8a8","name":"Antoine Pasche","image":{"@type":"ImageObject","inLanguage":"de","@id":"https:\/\/secure.gravatar.com\/avatar\/d9298d42392e3de1d0a0f90f99bae6580b04ea1c37b44c527ce7f7c223af5ba6?s=96&d=mm&r=g","url":"https:\/\/secure.gravatar.com\/avatar\/d9298d42392e3de1d0a0f90f99bae6580b04ea1c37b44c527ce7f7c223af5ba6?s=96&d=mm&r=g","contentUrl":"https:\/\/secure.gravatar.com\/avatar\/d9298d42392e3de1d0a0f90f99bae6580b04ea1c37b44c527ce7f7c223af5ba6?s=96&d=mm&r=g","caption":"Antoine Pasche"},"url":"https:\/\/www.animan.com\/de\/author\/antoine\/"}]}},"_links":{"self":[{"href":"https:\/\/www.animan.com\/de\/wp-json\/wp\/v2\/posts\/8545","targetHints":{"allow":["GET"]}}],"collection":[{"href":"https:\/\/www.animan.com\/de\/wp-json\/wp\/v2\/posts"}],"about":[{"href":"https:\/\/www.animan.com\/de\/wp-json\/wp\/v2\/types\/post"}],"author":[{"embeddable":true,"href":"https:\/\/www.animan.com\/de\/wp-json\/wp\/v2\/users\/11"}],"replies":[{"embeddable":true,"href":"https:\/\/www.animan.com\/de\/wp-json\/wp\/v2\/comments?post=8545"}],"version-history":[{"count":2,"href":"https:\/\/www.animan.com\/de\/wp-json\/wp\/v2\/posts\/8545\/revisions"}],"predecessor-version":[{"id":8624,"href":"https:\/\/www.animan.com\/de\/wp-json\/wp\/v2\/posts\/8545\/revisions\/8624"}],"wp:attachment":[{"href":"https:\/\/www.animan.com\/de\/wp-json\/wp\/v2\/media?parent=8545"}],"wp:term":[{"taxonomy":"category","embeddable":true,"href":"https:\/\/www.animan.com\/de\/wp-json\/wp\/v2\/categories?post=8545"},{"taxonomy":"post_tag","embeddable":true,"href":"https:\/\/www.animan.com\/de\/wp-json\/wp\/v2\/tags?post=8545"}],"curies":[{"name":"wp","href":"https:\/\/api.w.org\/{rel}","templated":true}]}}